{"id":788,"date":"2025-09-19T14:04:19","date_gmt":"2025-09-19T12:04:19","guid":{"rendered":"https:\/\/awo-bielefeld.org\/weiterbildung\/?p=788"},"modified":"2025-12-15T10:10:53","modified_gmt":"2025-12-15T09:10:53","slug":"reflexion-im-sprach-lernprozess","status":"publish","type":"post","link":"https:\/\/awo-bielefeld.org\/weiterbildung\/reflexion-im-sprach-lernprozess\/","title":{"rendered":"Reflexion im (Sprach-)Lernprozess"},"content":{"rendered":"\n<div class=\"wp-block-columns is-layout-flex wp-container-core-columns-is-layout-d0b3c9c8 wp-block-columns-is-layout-flex\">\n<div class=\"wp-block-column is-layout-flow wp-block-column-is-layout-flow\">\n<p>Wie l\u00e4sst sich die Reflex\u00adions\u00adf\u00e4higkeit f\u00f6rdern und wie l\u00e4sst sich diese F\u00f6rderung in das Kurs\u00adgeschehen inte\u00adgri\u00aderen? Was ist \u00fcber\u00adhaupt Reflex\u00adion? Und was hat sie mit dem Spra\u00adchunter\u00adricht zu tun?<\/p>\n\n\n\n<p>In dieser Fort\u00adbil\u00addung wollen wir die Rolle der (Selbst-)Reflexion \u2013 beim Sprachen\u00adler\u00adnen \u2013 beleucht\u00aden und einige prak\u00adtis\u00adche Meth\u00ado\u00add\u00aden der Reflex\u00adion erar\u00adbeit\u00aden sowie M\u00f6glichkeit\u00aden, diese in den Spra\u00adchunter\u00adricht zu inte\u00adgri\u00aderen.<\/p>\n\n\n\n<h2 class=\"wp-block-heading\"><mark style=\"background-color:#e2001a\" class=\"has-inline-color has-custom-wei-color\">Aufbau und Kosten:<\/mark><\/h2>\n<\/div>\n\n\n\n<div class=\"wp-block-column is-layout-flow wp-block-column-is-layout-flow\">\n<h2 class=\"wp-block-heading\"><mark style=\"background-color:#e2001a\" class=\"has-inline-color has-custom-wei-color\">Kontakt<\/mark><\/h2>\n\n\n\n<p>Mer\u00adca\u00adtorstr. 10<br>33602 Biele\u00adfeld<\/p>\n\n\n\n<p>Fort- und Weit\u00ader\u00adbil\u00addung <br>Tel. 0521 520 89 12<br>Mobil 0173 49 59 745<\/p>\n\n\n\n<p>E\u2011Mail: <a href=\"mailto:wbw@awo-bielefeld.de\">wbw@awo-bielefeld.de<\/a><\/p>\n<\/div>\n<\/div>\n\n\n\n<ul class=\"wp-block-list\">\n<li><strong>Ziel\u00adgruppe:&nbsp;<\/strong>DaF-\/DaZ-Lehrkr\u00e4fte<\/li>\n\n\n\n<li><strong>Umfang:&nbsp;<\/strong>8 UE<\/li>\n\n\n\n<li><strong>Unter\u00adrichtzeit\u00aden:<\/strong>&nbsp;werk\u00adtags; 9:00 bis 16:30 Uhr<\/li>\n\n\n\n<li><strong>Dauer:<\/strong>&nbsp;1 Fort\u00adbil\u00addungstag<\/li>\n\n\n\n<li><strong>Kur\u00adsort:&nbsp;<\/strong>Biele\u00adfeld<\/li>\n\n\n\n<li><strong>Gesamtkosten:<\/strong>&nbsp;180,- Euro pro Teil\u00adnah\u00adme\u00adplatz<\/li>\n<\/ul>\n\n\n\n<h2 class=\"wp-block-heading\"><mark style=\"background-color:#e2001a\" class=\"has-inline-color has-custom-wei-color\">Anmeldung<\/mark><\/h2>\n\n\n<style id=\"wpforms-css-vars-922-block-0b87fdec-94b1-4a9c-ba0c-0e10c37e3dd6\">\n\t\t\t\t#wpforms-922.wpforms-block-0b87fdec-94b1-4a9c-ba0c-0e10c37e3dd6 {\n\t\t\t\t--wpforms-field-size-input-height: 43px;\n--wpforms-field-size-input-spacing: 15px;\n--wpforms-field-size-font-size: 16px;\n--wpforms-field-size-line-height: 19px;\n--wpforms-field-size-padding-h: 14px;\n--wpforms-field-size-checkbox-size: 16px;\n--wpforms-field-size-sublabel-spacing: 5px;\n--wpforms-field-size-icon-size: 1;\n--wpforms-label-size-font-size: 16px;\n--wpforms-label-size-line-height: 19px;\n--wpforms-label-size-sublabel-font-size: 14px;\n--wpforms-label-size-sublabel-line-height: 17px;\n--wpforms-button-size-font-size: 17px;\n--wpforms-button-size-height: 41px;\n--wpforms-button-size-padding-h: 15px;\n--wpforms-button-size-margin-top: 10px;\n--wpforms-container-shadow-size-box-shadow: none;\n\t\t\t}\n\t\t\t<\/style><div class=\"wpforms-container wpforms-container-full wpforms-block wpforms-block-0b87fdec-94b1-4a9c-ba0c-0e10c37e3dd6 wpforms-render-modern\" id=\"wpforms-922\"><form id=\"wpforms-form-922\" class=\"wpforms-validate wpforms-form wpforms-ajax-form\" data-formid=\"922\" method=\"post\" enctype=\"multipart\/form-data\" action=\"\/weiterbildung\/wp-json\/wp\/v2\/posts\/788\" data-token=\"6be63337e3cd1ef66bda477e3f70d92c\" data-token-time=\"1777476177\"><noscript class=\"wpforms-error-noscript\">Bitte aktiviere JavaScript in deinem Brows\u00ader, um dieses For\u00admu\u00adlar fer\u00adtigzustellen.<\/noscript><div id=\"wpforms-error-noscript\" style=\"display: none;\">Bitte aktiviere JavaScript in deinem Brows\u00ader, um dieses For\u00admu\u00adlar fer\u00adtigzustellen.<\/div><div class=\"wpforms-field-container\"><div id=\"wpforms-922-field_25-container\" class=\"wpforms-field wpforms-field-name\" data-field-id=\"25\"><fieldset><legend class=\"wpforms-field-label\">Name <span class=\"wpforms-required-label\" aria-hidden=\"true\">*<\/span><\/legend><div class=\"wpforms-field-row wpforms-field-medium\"><div class=\"wpforms-field-row-block wpforms-first wpforms-one-half\"><input type=\"text\" id=\"wpforms-922-field_25\" class=\"wpforms-field-name-first wpforms-field-required\" name=\"wpforms[fields][25][first]\" aria-errormessage=\"wpforms-922-field_25-error\" required><label for=\"wpforms-922-field_25\" class=\"wpforms-field-sublabel after\">Vor\u00adname<\/label><\/div><div class=\"wpforms-field-row-block wpforms-one-half\"><input type=\"text\" id=\"wpforms-922-field_25-last\" class=\"wpforms-field-name-last wpforms-field-required\" name=\"wpforms[fields][25][last]\" aria-errormessage=\"wpforms-922-field_25-last-error\" required><label for=\"wpforms-922-field_25-last\" class=\"wpforms-field-sublabel after\">Nach\u00adname<\/label><\/div><\/div><\/fieldset><\/div><div id=\"wpforms-922-field_2-container\" class=\"wpforms-field wpforms-field-date-time\" data-field-id=\"2\"><label class=\"wpforms-field-label\" for=\"wpforms-922-field_2\">Geburts\u00adda\u00adtum<\/label><div class=\"wpforms-datepicker-wrap\"><input type=\"text\" id=\"wpforms-922-field_2\" class=\"wpforms-field-date-time-date wpforms-datepicker wpforms-field-medium\" data-date-format=\"m\/d\/Y\" data-disable-past-dates=\"0\" data-input=\"true\" name=\"wpforms[fields][2][date]\" aria-errormessage=\"wpforms-922-field_2-error\"><a title=\"Datum leeren\" data-clear role=\"button\" tabindex=\"0\" class=\"wpforms-datepicker-clear\" aria-label=\"Datum leeren\" style=\"display:none;\"><\/a><\/div><\/div><div id=\"wpforms-922-field_3-container\" class=\"wpforms-field wpforms-field-text\" data-field-id=\"3\"><label class=\"wpforms-field-label\" for=\"wpforms-922-field_3\">Titel \/ Beruf<\/label><input type=\"text\" id=\"wpforms-922-field_3\" class=\"wpforms-field-large\" name=\"wpforms[fields][3]\" aria-errormessage=\"wpforms-922-field_3-error\"><\/div><div id=\"wpforms-922-field_9-container\" class=\"wpforms-field wpforms-field-phone\" data-field-id=\"9\"><label class=\"wpforms-field-label\" for=\"wpforms-922-field_9\">Tele\u00adfon\u00adnum\u00admer (f\u00fcr R\u00fcck\u00adfra\u00adgen)<\/label><input type=\"tel\" id=\"wpforms-922-field_9\" class=\"wpforms-field-medium\" data-rule-int-phone-field=\"true\" name=\"wpforms[fields][9]\" aria-label=\"Telefonnummer (f\u00fcr R\u00fcckfragen)\" aria-errormessage=\"wpforms-922-field_9-error\"><\/div><div id=\"wpforms-922-field_10-container\" class=\"wpforms-field wpforms-field-email\" data-field-id=\"10\"><label class=\"wpforms-field-label\" for=\"wpforms-922-field_10\">E\u2011Mail-Adresse (beru\u00adflich, der Ein\u00adrich\u00adtung) <span class=\"wpforms-required-label\" aria-hidden=\"true\">*<\/span><\/label><input type=\"email\" id=\"wpforms-922-field_10\" class=\"wpforms-field-large wpforms-field-required\" name=\"wpforms[fields][10]\" spellcheck=\"false\" aria-errormessage=\"wpforms-922-field_10-error\" required><\/div><div id=\"wpforms-922-field_11-container\" class=\"wpforms-field wpforms-field-email\" data-field-id=\"11\"><label class=\"wpforms-field-label\" for=\"wpforms-922-field_11\">E\u2011Mail-Adresse (pri\u00advate Adresse der Teilnehmer*in) <span class=\"wpforms-required-label\" aria-hidden=\"true\">*<\/span><\/label><input type=\"email\" id=\"wpforms-922-field_11\" class=\"wpforms-field-large wpforms-field-required\" name=\"wpforms[fields][11]\" spellcheck=\"false\" aria-errormessage=\"wpforms-922-field_11-error\" required><\/div><div id=\"wpforms-922-field_12-container\" class=\"wpforms-field wpforms-field-address\" data-field-id=\"12\"><fieldset><legend class=\"wpforms-field-label\">Pri\u00advatadresse (der Teilnehmer*in) <span class=\"wpforms-required-label\" aria-hidden=\"true\">*<\/span><\/legend><div class=\"wpforms-field-row wpforms-field-large\"><div><input type=\"text\" id=\"wpforms-922-field_12\" class=\"wpforms-field-address-address1 wpforms-field-required\" name=\"wpforms[fields][12][address1]\" aria-errormessage=\"wpforms-922-field_12-error\" required><label for=\"wpforms-922-field_12\" class=\"wpforms-field-sublabel after\">Adresse Zeile 1<\/label><\/div><\/div><div class=\"wpforms-field-row wpforms-field-large\"><div><input type=\"text\" id=\"wpforms-922-field_12-address2\" class=\"wpforms-field-address-address2\" name=\"wpforms[fields][12][address2]\" aria-errormessage=\"wpforms-922-field_12-address2-error\"><label for=\"wpforms-922-field_12-address2\" class=\"wpforms-field-sublabel after\">Anschrift Zusatz<\/label><\/div><\/div><div class=\"wpforms-field-row wpforms-field-large\"><div class=\"wpforms-field-row-block wpforms-one-half wpforms-first\"><input type=\"text\" id=\"wpforms-922-field_12-city\" class=\"wpforms-field-address-city wpforms-field-required\" name=\"wpforms[fields][12][city]\" aria-errormessage=\"wpforms-922-field_12-city-error\" required><label for=\"wpforms-922-field_12-city\" class=\"wpforms-field-sublabel after\">Stadt<\/label><\/div><div class=\"wpforms-field-row-block wpforms-one-half\"><input type=\"text\" id=\"wpforms-922-field_12-state\" class=\"wpforms-field-address-state wpforms-field-required\" name=\"wpforms[fields][12][state]\" aria-errormessage=\"wpforms-922-field_12-state-error\" required><label for=\"wpforms-922-field_12-state\" class=\"wpforms-field-sublabel after\">Region<\/label><\/div><\/div><div class=\"wpforms-field-row wpforms-field-large\"><div class=\"wpforms-field-row-block wpforms-one-half wpforms-first\"><input type=\"text\" id=\"wpforms-922-field_12-postal\" class=\"wpforms-field-address-postal wpforms-field-required\" name=\"wpforms[fields][12][postal]\" aria-errormessage=\"wpforms-922-field_12-postal-error\" required><label for=\"wpforms-922-field_12-postal\" class=\"wpforms-field-sublabel after\">Postleitzahl<\/label><\/div><\/div><\/fieldset><\/div><div id=\"wpforms-922-field_21-container\" class=\"wpforms-field wpforms-field-address\" data-field-id=\"21\"><fieldset><legend class=\"wpforms-field-label\">Ein\u00adrich\u00adtungsadresse<\/legend><div class=\"wpforms-field-row wpforms-field-large\"><div><input type=\"text\" id=\"wpforms-922-field_21\" class=\"wpforms-field-address-address1\" name=\"wpforms[fields][21][address1]\" aria-errormessage=\"wpforms-922-field_21-error\"><label for=\"wpforms-922-field_21\" class=\"wpforms-field-sublabel after\">Adresse Zeile 1<\/label><\/div><\/div><div class=\"wpforms-field-row wpforms-field-large\"><div><input type=\"text\" id=\"wpforms-922-field_21-address2\" class=\"wpforms-field-address-address2\" name=\"wpforms[fields][21][address2]\" aria-errormessage=\"wpforms-922-field_21-address2-error\"><label for=\"wpforms-922-field_21-address2\" class=\"wpforms-field-sublabel after\">Anschrift Zusatz<\/label><\/div><\/div><div class=\"wpforms-field-row wpforms-field-large\"><div class=\"wpforms-field-row-block wpforms-one-half wpforms-first\"><input type=\"text\" id=\"wpforms-922-field_21-city\" class=\"wpforms-field-address-city\" name=\"wpforms[fields][21][city]\" aria-errormessage=\"wpforms-922-field_21-city-error\"><label for=\"wpforms-922-field_21-city\" class=\"wpforms-field-sublabel after\">Stadt<\/label><\/div><div class=\"wpforms-field-row-block wpforms-one-half\"><input type=\"text\" id=\"wpforms-922-field_21-state\" class=\"wpforms-field-address-state\" name=\"wpforms[fields][21][state]\" aria-errormessage=\"wpforms-922-field_21-state-error\"><label for=\"wpforms-922-field_21-state\" class=\"wpforms-field-sublabel after\">Region<\/label><\/div><\/div><div class=\"wpforms-field-row wpforms-field-large\"><div class=\"wpforms-field-row-block wpforms-one-half wpforms-first\"><input type=\"text\" id=\"wpforms-922-field_21-postal\" class=\"wpforms-field-address-postal\" name=\"wpforms[fields][21][postal]\" aria-errormessage=\"wpforms-922-field_21-postal-error\"><label for=\"wpforms-922-field_21-postal\" class=\"wpforms-field-sublabel after\">Postleitzahl<\/label><\/div><\/div><\/fieldset><\/div><div id=\"wpforms-922-field_20-container\" class=\"wpforms-field wpforms-field-address\" data-field-id=\"20\"><fieldset><legend class=\"wpforms-field-label\">Rech\u00adnungsadresse <span class=\"wpforms-required-label\" aria-hidden=\"true\">*<\/span><\/legend><div class=\"wpforms-field-row wpforms-field-large\"><div><input type=\"text\" id=\"wpforms-922-field_20\" class=\"wpforms-field-address-address1 wpforms-field-required\" name=\"wpforms[fields][20][address1]\" aria-errormessage=\"wpforms-922-field_20-error\" required><label for=\"wpforms-922-field_20\" class=\"wpforms-field-sublabel after\">Adresse Zeile 1<\/label><\/div><\/div><div class=\"wpforms-field-row wpforms-field-large\"><div><input type=\"text\" id=\"wpforms-922-field_20-address2\" class=\"wpforms-field-address-address2\" name=\"wpforms[fields][20][address2]\" aria-errormessage=\"wpforms-922-field_20-address2-error\"><label for=\"wpforms-922-field_20-address2\" class=\"wpforms-field-sublabel after\">Anschrift Zusatz<\/label><\/div><\/div><div class=\"wpforms-field-row wpforms-field-large\"><div class=\"wpforms-field-row-block wpforms-one-half wpforms-first\"><input type=\"text\" id=\"wpforms-922-field_20-city\" class=\"wpforms-field-address-city wpforms-field-required\" name=\"wpforms[fields][20][city]\" aria-errormessage=\"wpforms-922-field_20-city-error\" required><label for=\"wpforms-922-field_20-city\" class=\"wpforms-field-sublabel after\">Stadt<\/label><\/div><div class=\"wpforms-field-row-block wpforms-one-half\"><input type=\"text\" id=\"wpforms-922-field_20-state\" class=\"wpforms-field-address-state wpforms-field-required\" name=\"wpforms[fields][20][state]\" aria-errormessage=\"wpforms-922-field_20-state-error\" required><label for=\"wpforms-922-field_20-state\" class=\"wpforms-field-sublabel after\">Region<\/label><\/div><\/div><div class=\"wpforms-field-row wpforms-field-large\"><div class=\"wpforms-field-row-block wpforms-one-half wpforms-first\"><input type=\"text\" id=\"wpforms-922-field_20-postal\" class=\"wpforms-field-address-postal wpforms-field-required\" name=\"wpforms[fields][20][postal]\" aria-errormessage=\"wpforms-922-field_20-postal-error\" required><label for=\"wpforms-922-field_20-postal\" class=\"wpforms-field-sublabel after\">Postleitzahl<\/label><\/div><\/div><\/fieldset><\/div><div id=\"wpforms-922-field_24-container\" class=\"wpforms-field wpforms-field-textarea\" data-field-id=\"24\"><label class=\"wpforms-field-label\" for=\"wpforms-922-field_24\">Ihre Nachricht an uns:<\/label><textarea id=\"wpforms-922-field_24\" class=\"wpforms-field-medium\" name=\"wpforms[fields][24]\" aria-errormessage=\"wpforms-922-field_24-error\"><\/textarea><\/div><div id=\"wpforms-922-field_13-container\" class=\"wpforms-field wpforms-field-checkbox\" data-field-id=\"13\"><fieldset><legend class=\"wpforms-field-label\">Spe\u00adicherung per\u00adso\u00adn\u00aden\u00adbe\u00adzo\u00adgen\u00ader Dat\u00aden <span class=\"wpforms-required-label\" aria-hidden=\"true\">*<\/span><\/legend><ul id=\"wpforms-922-field_13\" class=\"wpforms-field-required\"><li class=\"choice-1 depth-1\"><input type=\"checkbox\" id=\"wpforms-922-field_13_1\" name=\"wpforms[fields][13][]\" value=\"Ich erkl\u00e4re mein Einverst\u00e4ndnis zur Speicherung und Verarbeitung meiner personenbezogenen Daten im Rahmen der EU-Datenschutzgrundverordnung und des Bundesdatenschutzgesetzes. Wir erheben und speichern ausschlie\u00dflich Daten, die wir zur Erf\u00fcllung der mit Ihnen vereinbarten Leistung ben\u00f6tigen. Wir verarbeiten Ihre Daten so lange, wie es f\u00fcr diesen Zweck und geltende Rechtsvorschriften erforderlich ist. Sie k\u00f6nnen diese Einwilligung jeder Zeit und ohne Angabe von Gr\u00fcnden mit Wirkung f\u00fcr die Zukunft widerrufen. Nachfragen bitte an: datenschutz@awo-bielefeld.de.\" aria-errormessage=\"wpforms-922-field_13_1-error\" required><label class=\"wpforms-field-label-inline\" for=\"wpforms-922-field_13_1\">Ich erk\u00adl\u00e4re mein Ein\u00adver\u00adst\u00e4nd\u00adnis zur Spe\u00adicherung und Ver\u00adar\u00adbeitung mein\u00ader per\u00adso\u00adn\u00aden\u00adbe\u00adzo\u00adge\u00adnen Dat\u00aden im Rah\u00admen der EU-Daten\u00adschutz\u00adgrund\u00adverord\u00adnung und des Bun\u00addes\u00addaten\u00adschutzge\u00adset\u00adzes. Wir erheben und spe\u00adich\u00adern auss\u00adchlie\u00dflich Dat\u00aden, die wir zur Erf\u00fcl\u00adlung der mit Ihnen vere\u00adin\u00adbarten Leis\u00adtung ben\u00f6ti\u00adgen. Wir ver\u00adar\u00adbeit\u00aden Ihre Dat\u00aden so lange, wie es f\u00fcr diesen Zweck und gel\u00adtende Rechtsvorschriften erforder\u00adlich ist. Sie k\u00f6n\u00adnen diese Ein\u00adwilli\u00adgung jed\u00ader Zeit und ohne Angabe von Gr\u00fcn\u00adden mit Wirkung f\u00fcr die Zukun\u00adft wider\u00adrufen. Nach\u00adfra\u00adgen bitte an: datenschutz@awo-bielefeld.de.<\/label><\/li><\/ul><\/fieldset><\/div><div id=\"wpforms-922-field_14-container\" class=\"wpforms-field wpforms-field-checkbox\" data-field-id=\"14\"><fieldset><legend class=\"wpforms-field-label\">Anerken\u00adnung der Teil\u00adnah\u00admebe\u00addin\u00adgun\u00adgen <span class=\"wpforms-required-label\" aria-hidden=\"true\">*<\/span><\/legend><ul id=\"wpforms-922-field_14\" class=\"wpforms-field-required\"><li class=\"choice-1 depth-1\"><input type=\"checkbox\" id=\"wpforms-922-field_14_1\" name=\"wpforms[fields][14][]\" value=\"Anerkennung der Teilnahmebedingungen (tritt erst nach wechselseitiger Terminbest\u00e4tigung der Vertragspartner*innen in Kraft): Mir ist bekannt, dass Stornierungen grunds\u00e4tzlich bis zu 4 Wochen vor dem Beginn der gesamten Ausbildung bzw. eigenst\u00e4ndiger Fortbildungsangebote gegen eine Bearbeitungspauschale von 50,- \u20ac erfolgen k\u00f6nnen. Eine R\u00fccktrittsm\u00f6glichkeit aus einer laufenden Fortbildungsreihe kann nicht gew\u00e4hrt werden. Bei Unterschreitung der Fristen werden Ausfallkosten erhoben. Bei nicht fristgem\u00e4\u00dfen Abmeldungen vor dem Ausbildungsbeginn bzw. dem jeweiligen Seminartermin oder Nichterscheinen werden die vollen Geb\u00fchren in Rechnung gestellt. Bei allen Modulen wird keine Haftung f\u00fcr Sch\u00e4den, Verluste oder Unf\u00e4lle \u00fcbernommen.\" aria-errormessage=\"wpforms-922-field_14_1-error\" required><label class=\"wpforms-field-label-inline\" for=\"wpforms-922-field_14_1\">Anerken\u00adnung der Teil\u00adnah\u00admebe\u00addin\u00adgun\u00adgen (tritt erst nach wech\u00adsel\u00adseit\u00adiger Ter\u00adminbest\u00e4\u00adti\u00adgung der Vertragspartner*innen in Kraft): Mir ist bekan\u00adnt, dass Stornierun\u00adgen grund\u00ads\u00e4t\u00adzlich bis zu 4 Wochen vor dem Beginn der gesamten Aus\u00adbil\u00addung bzw. eigen\u00adst\u00e4ndi\u00adger Fort\u00adbil\u00addungsange\u00adbote gegen eine Bear\u00adbeitungspauschale von 50,- \u20ac erfol\u00adgen k\u00f6n\u00adnen. Eine R\u00fcck\u00adtrittsm\u00f6glichkeit aus ein\u00ader laufend\u00aden Fort\u00adbil\u00addungsrei\u00adhe kann nicht gew\u00e4hrt wer\u00adden. Bei Unter\u00adschre\u00aditung der Fris\u00adten wer\u00adden Aus\u00adfal\u00adlkosten erhoben. Bei nicht frist\u00adgem\u00e4\u00dfen Abmel\u00addun\u00adgen vor dem Aus\u00adbil\u00addungs\u00adbe\u00adginn bzw. dem jew\u00adeili\u00adgen Sem\u00adi\u00adnarter\u00admin oder Nichter\u00adscheinen wer\u00adden die vollen Geb\u00fchren in Rech\u00adnung gestellt. Bei allen Mod\u00adulen wird keine Haf\u00adtung f\u00fcr Sch\u00e4\u00adden, Ver\u00adluste oder Unf\u00e4lle \u00fcber\u00adnom\u00admen.<\/label><\/li><\/ul><\/fieldset><\/div><div id=\"wpforms-922-field_15-container\" class=\"wpforms-field wpforms-field-checkbox\" data-field-id=\"15\"><fieldset><legend class=\"wpforms-field-label\">Anmel\u00addung zum Newslet\u00adter<\/legend><ul id=\"wpforms-922-field_15\"><li class=\"choice-1 depth-1\"><input type=\"checkbox\" id=\"wpforms-922-field_15_1\" name=\"wpforms[fields][15][]\" value=\"Ich freue mich \u00fcber Informationen zu neuen Fort- und Weiterbildungsangeboten des Weiterbildungswerks.  Halten Sie mich gerne per E-Mail  auf dem Laufenden.\" aria-errormessage=\"wpforms-922-field_15_1-error\"><label class=\"wpforms-field-label-inline\" for=\"wpforms-922-field_15_1\">Ich freue mich \u00fcber Infor\u00adma\u00adtio\u00adnen zu neuen Fort- und Weit\u00ader\u00adbil\u00addungsange\u00adboten des Weit\u00ader\u00adbil\u00addungswerks.  Hal\u00adten Sie mich gerne per E\u2011Mail  auf dem Laufend\u00aden.<\/label><\/li><\/ul><\/fieldset><\/div><\/div><!-- .wpforms-field-container --><div class=\"wpforms-submit-container\"><input type=\"hidden\" name=\"wpforms[id]\" value=\"922\"><input type=\"hidden\" name=\"page_title\" value><input type=\"hidden\" name=\"page_url\" value=\"https:\/\/awo-bielefeld.org\/weiterbildung\/wp-json\/wp\/v2\/posts\/788\"><input type=\"hidden\" name=\"url_referer\" value><button type=\"submit\" name=\"wpforms[submit]\" id=\"wpforms-submit-922\" class=\"wpforms-submit\" data-alt-text=\"Wird gesendet&nbsp;\u2026\" data-submit-text=\"Absenden\" aria-live=\"assertive\" value=\"wpforms-submit\">Absenden<\/button><img loading=\"lazy\" decoding=\"async\" src=\"https:\/\/awo-bielefeld.org\/weiterbildung\/wp-content\/plugins\/wpforms\/assets\/images\/submit-spin.svg\" class=\"wpforms-submit-spinner\" style=\"display: none;\" width=\"26\" height=\"26\" alt=\"Wird geladen\"><\/div><\/form><\/div>  <!-- .wpforms-container -->","protected":false},"excerpt":{"rendered":"<p>Wie l\u00e4sst sich die Reflex\u00adions\u00adf\u00e4higkeit f\u00f6rdern und wie l\u00e4sst sich diese F\u00f6rderung in das Kurs\u00adgeschehen inte\u00adgri\u00aderen? Was ist \u00fcber\u00adhaupt Reflex\u00adion? Und was hat sie mit dem Spra\u00adchunter\u00adricht zu tun?<\/p>\n<p>In dieser Fort\u00adbil\u00addung wollen wir die Rolle der (Selbst-)Reflexion \u2013 beim Sprachen\u00adler\u00adnen \u2013 beleucht\u00aden und einige prak\u00adtis\u00adche Meth\u00ado\u00add\u00aden der Reflex\u00adion erar\u00adbeit\u00aden sowie M\u00f6glichkeit\u00aden, diese in den Spra\u00adchunter\u00adricht zu inte\u00adgri\u00aderen.<\/p>\n","protected":false},"author":5,"featured_media":0,"comment_status":"closed","ping_status":"closed","sticky":false,"template":"","format":"standard","meta":{"wp_typography_post_enhancements_disabled":false,"footnotes":""},"categories":[19,54,37,20],"tags":[28,47,48,27,25,26],"class_list":["post-788","post","type-post","status-publish","format-standard","hentry","category-bildung-fuer-alle","category-bildungsangebote","category-daf-und-daz-lehrkraefte","category-fort-und-weiterbildung","tag-bildungfueralle","tag-daf","tag-daz","tag-echtawo","tag-fortbildung","tag-weiterbildung"],"publishpress_future_action":{"enabled":false,"date":"2026-05-06 17:22:57","action":"change-status","newStatus":"draft","terms":[],"taxonomy":"category","extraData":[]},"publishpress_future_workflow_manual_trigger":{"enabledWorkflows":[]},"_links":{"self":[{"href":"https:\/\/awo-bielefeld.org\/weiterbildung\/wp-json\/wp\/v2\/posts\/788","targetHints":{"allow":["GET"]}}],"collection":[{"href":"https:\/\/awo-bielefeld.org\/weiterbildung\/wp-json\/wp\/v2\/posts"}],"about":[{"href":"https:\/\/awo-bielefeld.org\/weiterbildung\/wp-json\/wp\/v2\/types\/post"}],"author":[{"embeddable":true,"href":"https:\/\/awo-bielefeld.org\/weiterbildung\/wp-json\/wp\/v2\/users\/5"}],"replies":[{"embeddable":true,"href":"https:\/\/awo-bielefeld.org\/weiterbildung\/wp-json\/wp\/v2\/comments?post=788"}],"version-history":[{"count":5,"href":"https:\/\/awo-bielefeld.org\/weiterbildung\/wp-json\/wp\/v2\/posts\/788\/revisions"}],"predecessor-version":[{"id":928,"href":"https:\/\/awo-bielefeld.org\/weiterbildung\/wp-json\/wp\/v2\/posts\/788\/revisions\/928"}],"wp:attachment":[{"href":"https:\/\/awo-bielefeld.org\/weiterbildung\/wp-json\/wp\/v2\/media?parent=788"}],"wp:term":[{"taxonomy":"category","embeddable":true,"href":"https:\/\/awo-bielefeld.org\/weiterbildung\/wp-json\/wp\/v2\/categories?post=788"},{"taxonomy":"post_tag","embeddable":true,"href":"https:\/\/awo-bielefeld.org\/weiterbildung\/wp-json\/wp\/v2\/tags?post=788"}],"curies":[{"name":"wp","href":"https:\/\/api.w.org\/{rel}","templated":true}]}}