{"id":657,"date":"2025-09-04T11:45:36","date_gmt":"2025-09-04T09:45:36","guid":{"rendered":"https:\/\/awo-bielefeld.org\/weiterbildung\/?p=657"},"modified":"2025-12-16T12:11:28","modified_gmt":"2025-12-16T11:11:28","slug":"quereinstieg-in-die-teil-stationaere-kinder-und-jugendhilfe-querkijuhi","status":"publish","type":"post","link":"https:\/\/awo-bielefeld.org\/weiterbildung\/quereinstieg-in-die-teil-stationaere-kinder-und-jugendhilfe-querkijuhi\/","title":{"rendered":"Quereinstieg in die (teil-)station\u00e4re Kinder und Jugendhilfe"},"content":{"rendered":"\n<div class=\"wp-block-columns is-layout-flex wp-container-core-columns-is-layout-d0b3c9c8 wp-block-columns-is-layout-flex\">\n<div class=\"wp-block-column is-layout-flow wp-block-column-is-layout-flow\">\n<h2 class=\"wp-block-heading\"><mark style=\"background-color:#e2001a\" class=\"has-inline-color has-custom-wei-color\">Qualifizierung f\u00fcr Quereinsteiger*innen zur Aufnahme einer T\u00e4tigkeit in erlaubnispflichtigen (teil-) station\u00e4ren Einrichtungen der Kinder- und Jugendhilfe<\/mark><\/h2>\n\n\n\n<p>Fachkr\u00e4fte aus artver\u00adwandten p\u00e4d\u00ada\u00adgogis\u00adchen \/ akademis\u00adchen Berufen (Per\u00adso\u00adn\u00adenkreis A+) k\u00f6n\u00adnen im Rah\u00admen der Qual\u00adi\u00adfizierung eine qual\u00adi\u00adfizierte T\u00e4tigkeit in der (teil-)station\u00e4ren Jugend\u00adhil\u00adfe aufnehmen und somit einen Quere\u00adin\u00adstieg in das Arbeits\u00adfeld schaf\u00adfen.<\/p>\n\n\n\n<h2 class=\"wp-block-heading\"><mark style=\"background-color:#e2001a\" class=\"has-inline-color has-custom-wei-color\">Was wir bieten: <\/mark><\/h2>\n\n\n\n<ul class=\"wp-block-list\">\n<li>Zer\u00adti\u00adfikat\u00adslehrgang,<\/li>\n\n\n\n<li>gem\u00e4\u00df dem Cur\u00adricu\u00adlum \u201ePrax\u00adis\u00adin\u00adte\u00adgri\u00aderte Qual\u00adi\u00adfizierungs\u00adma\u00df\u00adnahme\u201c der Lan\u00addesju\u00adgend\u00e4mter NRW,<\/li>\n\n\n\n<li>berufs\u00adbe\u00adglei\u00adt\u00adende Weit\u00aderqual\u00adi\u00adfizierung,<\/li>\n\n\n\n<li>hoher Prax\u00adis\u00adbezug,<\/li>\n\n\n\n<li>praxis\u00ader\u00adfahrene und hochqual\u00adi\u00adfizierte Sem\u00adi\u00adnarleitung und Dozierende,<\/li>\n\n\n\n<li>mod\u00aderne Schu\u00adlungsr\u00e4ume,<\/li>\n\n\n\n<li>Zugang zu unser\u00ader AWO-Lern\u00adplat\u00adtform,<\/li>\n\n\n\n<li>5 Lern\u00admod\u00adule sowie<\/li>\n\n\n\n<li>kom\u00adpe\u00adtent begleit\u00adete Fall\u00adw\u00aderk\u00adst\u00e4t\u00adten zur Erh\u00f6hung des Prax\u00adis\u00adbezugs.<\/li>\n<\/ul>\n\n\n\n<h2 class=\"wp-block-heading\"><mark style=\"background-color:#e2001a\" class=\"has-inline-color has-custom-wei-color\">Weitere Vorteile: <\/mark><\/h2>\n\n\n\n<ul class=\"wp-block-list\">\n<li>sofor\u00adtiger Ein\u00adstieg in den Job bzw. Anstel\u00adlung m\u00f6glich, da bere\u00adits drei Monate vor Start der Weit\u00aderqual\u00adi\u00adfizierung eine vol\u00adlum\u00adf\u00e4ngliche T\u00e4tigkeit in ein\u00ader Ein\u00adrich\u00adtung der (teil-)station\u00e4ren Kinder- und Jugend\u00adhil\u00adfe erfol\u00adgen kann,<\/li>\n\n\n\n<li>angemeldete Teil\u00adnehmende k\u00f6n\u00adnen ana\u00adlog zum reg\u00adul\u00e4ren p\u00e4d\u00ada\u00adgogis\u00adchen Per\u00adson\u00adal einge\u00adset\u00adzt wer\u00adden.<\/li>\n<\/ul>\n\n\n\n<h2 class=\"wp-block-heading\"><mark style=\"background-color:#e2001a\" class=\"has-inline-color has-custom-wei-color\">Zielgruppe (vgl. Personenkreis A+):<\/mark><\/h2>\n\n\n\n<ul class=\"wp-block-list\">\n<li>Lehrer*<em>innen<\/em><\/li>\n\n\n\n<li>Ergother\u00ada\u00adpeut*<em>innen,<\/em> Logop\u00e4d*<em>innen<\/em><\/li>\n\n\n\n<li>Phys\u00adio\u00adther\u00ada\u00adpeut*<em>innen, Motop\u00e4d<\/em>*<em>innen<\/em><\/li>\n\n\n\n<li>Arbeit\u00adsp\u00e4d\u00ada\u00adgog*<em>innen\/ <\/em>Erzieher*<em>innen<\/em><\/li>\n\n\n\n<li>Hebam\u00admen<\/li>\n\n\n\n<li>Gesund\u00adheit\u00adspfleger*<em>innen (<\/em>u.a. Pflege\u00adfachkr\u00e4fte, Kinderkrankenpfleger*<em>innen<\/em>)<\/li>\n\n\n\n<li>Kinderpfleger*<em>innen<\/em><\/li>\n\n\n\n<li>Heil\u00aderziehungspfleger<em>*innen<\/em> und Heil\u00aderziehung\u00adshelfer*<em>innen<\/em><\/li>\n\n\n\n<li>Fam\u00adi\u00adlienpfleger<em>*innen<\/em><\/li>\n\n\n\n<li>Sozialas\u00adsis\u00adtent*<em>innen<\/em><\/li>\n\n\n\n<li>Kul\u00adtur\u00adp\u00e4d\u00ada\u00adgog*<em>innen <\/em>(u.a. Per\u00adso\u00adn\u00aden mit BA Kunst\u2011, The\u00adater- und Musikp\u00e4d\u00ada\u00adgogik)<\/li>\n\n\n\n<li>Bil\u00addungswis\u00adsenschaftler*<em>innen<\/em><\/li>\n\n\n\n<li>Religionsp\u00e4dagog*innen<\/li>\n<\/ul>\n\n\n\n<h2 class=\"wp-block-heading\"><mark style=\"background-color:#e2001a\" class=\"has-inline-color has-custom-wei-color\">Umfang und Inhalte:<\/mark><\/h2>\n\n\n\n<ul class=\"wp-block-list\">\n<li>eine Qual\u00adi\u00adfizierungs\u00addauer von max. 18 Monat\u00aden;<\/li>\n\n\n\n<li>300 Unter\u00adricht\u00adsein\u00adheit\u00aden ins\u00adge\u00adsamt;<\/li>\n\n\n\n<li>ca. 36 Ter\u00admine (in Pr\u00e4senz bzw. Live-online Meet\u00ading) plus<\/li>\n\n\n\n<li>Lernein\u00adheit\u00aden auf der AWO-Lern\u00adplat\u00adtform, dabei<\/li>\n\n\n\n<li>prax\u00adis\u00adna\u00adhe Begleitung Erprobung am \u201eFall\u201c (in Form von Fall\u00adw\u00aderk\u00adst\u00e4t\u00adten).<\/li>\n<\/ul>\n\n\n\n<p>Die Teil\u00adnehmenden erhal\u00adten im Rah\u00admen von 5 Mod\u00adulen einen \u00dcberblick \u00fcber die Inhalte und Struk\u00adturen von (teil-)station\u00e4rer Arbeit in der Kinder- und Jugend\u00adhil\u00adfe. Die gesamte Fort\u00adbil\u00addung wird durch eine Sem\u00adi\u00adnarleitung begleit\u00adet. Die Teil\u00adnehmenden bekom\u00admen Zugang zur AWO-Lern\u00adplat\u00adtform und k\u00f6n\u00adnen ihren Fortschritt selb\u00adst\u00adst\u00e4ndig mit\u00adgestal\u00adten. Die Verkn\u00fcp\u00adfung mit der Prax\u00adis ist wesentlich\u00ader Bestandteil der Fort\u00adbil\u00addung. Daher sind \u00fcber den Ver\u00adlauf der 5 Lern\u00admod\u00adule 5 Durchg\u00e4nge des For\u00admats \u201eFall\u00adw\u00aderk\u00adstatt\u201c vorge\u00adse\u00adhen. Dieses For\u00admat dient der inten\u00adsiv\u00aden Reflex\u00adion der erlern\u00adten Inhalte. Ent\u00adlang konkreter F\u00e4lle wird mit den Teil\u00adnehmenden die beru\u00adfliche Prax\u00adis erprobt, der jew\u00adeilige Fall mit den Inhal\u00adten der Qual\u00adi\u00adfizierung verkn\u00fcpft und in den Bezug zum All\u00adt\u00adags\u00adgeschehen in der jew\u00adeili\u00adgen Ein\u00adrich\u00adtung geset\u00adzt.<\/p>\n\n\n\n<p><strong>Wichtig: <\/strong>W\u00e4hrend der Fort\u00adbil\u00addung d\u00fcr\u00adfen die Teil\u00adnehmenden max. 10 % begr\u00fcn\u00addete Fehlzeit\u00aden (Krankheit oder \u00c4hn\u00adlich\u00ades) aufweisen. Andern\u00adfalls wer\u00adden sie nicht zur 5. Fall\u00adw\u00aderk\u00adstatt zuge\u00adlassen, deren erfol\u00adgre\u00adich\u00ades Durch\u00adlaufen die Abschlus\u00adsleis\u00adtung zur Qual\u00adi\u00adfizierung bildet.<\/p>\n\n\n\n<h2 class=\"wp-block-heading\"><mark style=\"background-color:#e2001a\" class=\"has-inline-color has-custom-wei-color\">Kostenaufstellung*: <\/mark><\/h2>\n\n\n\n<figure class=\"wp-block-table\"><table class=\"has-fixed-layout\"><thead><tr><th>Posi\u00adtion<\/th><th>Kosten<\/th><\/tr><\/thead><tbody><tr><td>Teil\u00adnah\u00admege\u00adb\u00fchr<\/td><td>3390,-<\/td><\/tr><tr><td>Pr\u00fc\u00adfungs\u00adge\u00adb\u00fchr<\/td><td>290,-<\/td><\/tr><tr><td>Zugang zur Lern\u00adplat\u00adtform<\/td><td>inklu\u00adsive<\/td><\/tr><tr><td>Tech\u00adnis\u00adche Ein\u00adweisung<\/td><td>inklu\u00adsive<\/td><\/tr><tr><td><strong>Kosten (gesamt):<\/strong><\/td><td><strong>3680,-<\/strong><\/td><\/tr><\/tbody><\/table><\/figure>\n\n\n\n<p>*Unsere Bil\u00addungs\u00addi\u00aden\u00adstleis\u00adtun\u00adgen sind nach \u00a74Nr.22Bu.a.UstG steuer\u00adbe\u00adfre\u00adit (StNr. 305\/5970\/0265).<\/p>\n\n\n\n<h2 class=\"wp-block-heading\"><mark style=\"background-color:#e2001a\" class=\"has-inline-color has-custom-wei-color\">Voraussetzung zur Teilnahme: <\/mark><\/h2>\n\n\n\n<p>F\u00fcr die Anmel\u00addung sind durch den Tr\u00e4ger (also arbeit\u00adge\u00adber\u00adseits) fol\u00adgende Unter\u00adla\u00adgen einzu\u00adfordern bzw. vorzuhal\u00adten:<\/p>\n\n\n\n<ul class=\"wp-block-list\">\n<li>G\u00fcltiger Arbeitsver\u00adtrags als Nach\u00adweis des Besch\u00e4f\u00adti\u00adgungsver\u00adh\u00e4lt\u00adniss\u00ades bei einem Tr\u00e4ger der teil\u00adsta\u00adtion\u00e4ren bzw. sta\u00adtion\u00e4ren Jugend\u00adhil\u00adfe<\/li>\n\n\n\n<li>Nach\u00adweis \u00fcber den Aus\u00adbil\u00addungsab\u00adschluss bzw. das Studi\u00adum<\/li>\n<\/ul>\n\n\n\n<p><strong>Hin\u00adweis: <\/strong>Die Tr\u00e4ger der Jugend\u00adhil\u00adfe tra\u00adgen eine gro\u00dfe Ver\u00adant\u00adwor\u00adtung f\u00fcr die Per\u00adso\u00adn\u00aden\u00adgruppe A+, da die Ein\u00adsch\u00e4tzung zur Eig\u00adnung der Per\u00adso\u00adn\u00aden durch die Tr\u00e4ger vertreten wer\u00adden muss. Die Nach\u00adweise zum Aus\u00adbil\u00addungsab\u00adschluss und des Besch\u00e4f\u00adti\u00adgungsver\u00adh\u00e4lt\u00adniss\u00ades sind tr\u00e4ger\u00adseit\u00adig zu pr\u00fcfen. Wir bieten den Tr\u00e4gern einen Ein\u00adblick in die Weit\u00ader\u00adbil\u00addung, indem wir die Teil\u00adnahme an den Fall\u00adw\u00aderk\u00adst\u00e4t\u00adten erm\u00f6glichen. F\u00fcr das Pr\u00fc\u00adfungskol\u00adlo\u00adqui\u00adum ist die Teil\u00adnahme eines Tr\u00e4gervertreters notwendig.<\/p>\n<\/div>\n\n\n\n<div class=\"wp-block-column is-layout-flow wp-block-column-is-layout-flow\">\n<figure class=\"wp-block-image size-large\"><img loading=\"lazy\" decoding=\"async\" width=\"1024\" height=\"576\" src=\"https:\/\/awo-bielefeld.org\/weiterbildung\/wp-content\/uploads\/sites\/9\/2025\/09\/KiJuHi-Hintergrund-1024x576.jpg\" alt=\"Gr\u00fcnes Logo mit in sich verschlungenen Teilkreisen, darunter Logo Diakonische Stiftung Ummeln und Logo AWO Kreisverband Bielefeld e.V. Weiterbildungswerk\" class=\"wp-image-711\" srcset=\"https:\/\/awo-bielefeld.org\/weiterbildung\/wp-content\/uploads\/sites\/9\/2025\/09\/KiJuHi-Hintergrund-1024x576.jpg 1024w, https:\/\/awo-bielefeld.org\/weiterbildung\/wp-content\/uploads\/sites\/9\/2025\/09\/KiJuHi-Hintergrund-300x169.jpg 300w, https:\/\/awo-bielefeld.org\/weiterbildung\/wp-content\/uploads\/sites\/9\/2025\/09\/KiJuHi-Hintergrund-768x432.jpg 768w, https:\/\/awo-bielefeld.org\/weiterbildung\/wp-content\/uploads\/sites\/9\/2025\/09\/KiJuHi-Hintergrund.jpg 1280w\" sizes=\"auto, (max-width: 1024px) 100vw, 1024px\"><\/figure>\n\n\n\n<h2 class=\"wp-block-heading\"><mark style=\"background-color:#e2001a\" class=\"has-inline-color has-custom-wei-color\">Kontakt<\/mark><\/h2>\n\n\n\n<p>Mer\u00adca\u00adtorstr. 10<br>33602 Biele\u00adfeld<\/p>\n\n\n\n<p><strong>Susanne Haase und Cathrin Thomas<br><\/strong>Tel. 0521 520 89 12<br>Mobil 0173 49 59 745<\/p>\n\n\n\n<p><a href=\"mailto:wbw@awo-bielefeld.de\">wbw@awo-bielefeld.de<\/a><\/p>\n\n\n\n<h2 class=\"wp-block-heading\"><mark style=\"background-color:#e2001a\" class=\"has-inline-color has-custom-wei-color\">Sprechzeiten<\/mark><\/h2>\n\n\n\n<p>Mon\u00adtag bis Don\u00adner\u00adstag 9.00 bis 14.00 Uhr<br>Fre\u00aditag 9.00 bis 13.00 Uhr<\/p>\n\n\n\n<h2 class=\"wp-block-heading\"><mark style=\"background-color:#e2001a\" class=\"has-inline-color has-custom-wei-color\">Anmeldung und Platzreservierung<\/mark><\/h2>\n\n\n\n<p>Melden Sie sich \u00fcber das&nbsp;<a href=\"https:\/\/awo-bielefeld.org\/weiterbildung\/platzreservierungen-und-anmeldungen\/\">Kon\u00adtak\u00adt\u00adfor\u00admu\u00adlar<\/a>&nbsp;bei uns! Dann lassen wir Ihnen gerne die Ter\u00admine zukom\u00admen.<\/p>\n<\/div>\n<\/div>\n","protected":false},"excerpt":{"rendered":"<p>Berufs\u00adbe\u00adglei\u00adt\u00aden\u00adder Kurs f\u00fcr Quereinsteiger*innen mit fach\u00adna\u00adher Aus\u00adbil\u00addung, Studi\u00adum oder Einzelfall\u00adgenehmi\u00adgung der Lan\u00addesju\u00adgend\u00e4mter NRW.<\/p>\n","protected":false},"author":1,"featured_media":0,"comment_status":"closed","ping_status":"closed","sticky":false,"template":"","format":"standard","meta":{"wp_typography_post_enhancements_disabled":false,"footnotes":""},"categories":[19,54,20,32],"tags":[28,27,25,36,38,26],"class_list":["post-657","post","type-post","status-publish","format-standard","hentry","category-bildung-fuer-alle","category-bildungsangebote","category-fort-und-weiterbildung","category-kinder-und-jugendhilfe","tag-bildungfueralle","tag-echtawo","tag-fortbildung","tag-kinder-und-jugendhilfe","tag-quereinstieg","tag-weiterbildung"],"publishpress_future_action":{"enabled":false,"date":"2026-05-06 18:45:30","action":"change-status","newStatus":"draft","terms":[],"taxonomy":"category","extraData":[]},"publishpress_future_workflow_manual_trigger":{"enabledWorkflows":[]},"_links":{"self":[{"href":"https:\/\/awo-bielefeld.org\/weiterbildung\/wp-json\/wp\/v2\/posts\/657","targetHints":{"allow":["GET"]}}],"collection":[{"href":"https:\/\/awo-bielefeld.org\/weiterbildung\/wp-json\/wp\/v2\/posts"}],"about":[{"href":"https:\/\/awo-bielefeld.org\/weiterbildung\/wp-json\/wp\/v2\/types\/post"}],"author":[{"embeddable":true,"href":"https:\/\/awo-bielefeld.org\/weiterbildung\/wp-json\/wp\/v2\/users\/1"}],"replies":[{"embeddable":true,"href":"https:\/\/awo-bielefeld.org\/weiterbildung\/wp-json\/wp\/v2\/comments?post=657"}],"version-history":[{"count":17,"href":"https:\/\/awo-bielefeld.org\/weiterbildung\/wp-json\/wp\/v2\/posts\/657\/revisions"}],"predecessor-version":[{"id":950,"href":"https:\/\/awo-bielefeld.org\/weiterbildung\/wp-json\/wp\/v2\/posts\/657\/revisions\/950"}],"wp:attachment":[{"href":"https:\/\/awo-bielefeld.org\/weiterbildung\/wp-json\/wp\/v2\/media?parent=657"}],"wp:term":[{"taxonomy":"category","embeddable":true,"href":"https:\/\/awo-bielefeld.org\/weiterbildung\/wp-json\/wp\/v2\/categories?post=657"},{"taxonomy":"post_tag","embeddable":true,"href":"https:\/\/awo-bielefeld.org\/weiterbildung\/wp-json\/wp\/v2\/tags?post=657"}],"curies":[{"name":"wp","href":"https:\/\/api.w.org\/{rel}","templated":true}]}}