{"id":565,"date":"2025-07-15T11:07:01","date_gmt":"2025-07-15T09:07:01","guid":{"rendered":"https:\/\/awo-bielefeld.org\/weiterbildung\/?p=565"},"modified":"2025-12-15T10:22:04","modified_gmt":"2025-12-15T09:22:04","slug":"fachkraft-inklusion","status":"publish","type":"post","link":"https:\/\/awo-bielefeld.org\/weiterbildung\/fachkraft-inklusion\/","title":{"rendered":"Zertifikatsreihe: Fachkraft f\u00fcr Inklusion"},"content":{"rendered":"\n<div class=\"wp-block-columns is-layout-flex wp-container-core-columns-is-layout-d0b3c9c8 wp-block-columns-is-layout-flex\">\n<div class=\"wp-block-column is-layout-flow wp-block-column-is-layout-flow\">\n<h2 class=\"wp-block-heading\"><mark style=\"background-color:#e2001a\" class=\"has-inline-color has-custom-wei-color\">Mehr Chancengleichheit f\u00fcr alle Kinder<\/mark><\/h2>\n\n\n\n<ul class=\"wp-block-list\">\n<li><strong>Ziel\u00adgruppe: <\/strong>Mitarbeiter*innen in der KiTa (ggf. auch OGS und Kindertage\u00adspflege)<\/li>\n\n\n\n<li><strong>Umfang: <\/strong>160 Stun\u00adden (10 Mod\u00adule zu je zwei Tagen von 16 Unter\u00adricht\u00adsein\u00adheit\u00aden)<\/li>\n\n\n\n<li><strong>Unter\u00adrichtzeit\u00aden:<\/strong> werk\u00adtags (in der Regel an zwei aufeinan\u00adder\u00adfol\u00adgen\u00adden Tagen inner\u00adhalb ein\u00ader KW); <br>9:00 bis 16:30 Uhr <\/li>\n\n\n\n<li><strong>Dauer:<\/strong> 12\u201314 Monate<\/li>\n\n\n\n<li><strong>Kur\u00adsort: <\/strong>Biele\u00adfeld<\/li>\n\n\n\n<li><strong>Gesamtkosten:<\/strong> 2900,- Euro <\/li>\n\n\n\n<li><strong>Auf\u00adbau und Inhalte: <\/strong>10 Mod\u00adule in Pr\u00e4senz plus Fal\u00adlar\u00adbeit, Pr\u00fc\u00adfungskol\u00adlo\u00adqui\u00adum <\/li>\n<\/ul>\n\n\n\n<figure class=\"wp-block-image aligncenter size-full\"><a href=\"https:\/\/awo-bielefeld.org\/weiterbildung\/wp-content\/uploads\/sites\/9\/2025\/07\/250227_FLyer_FKI_Print.pdf\"><img loading=\"lazy\" decoding=\"async\" width=\"434\" height=\"455\" src=\"https:\/\/awo-bielefeld.org\/weiterbildung\/wp-content\/uploads\/sites\/9\/2025\/07\/image.png\" alt=\"Grafische Darstellung verschiedener H\u00e4nde mit Inklusions- und Vielfaltssymbolen wie unterschiedliche Hautfarben, Rollstuhlikon, bunte Herzen, blau-gelbe Schleife Trisomie 21, ASS Symbole, H\u00f6r- und Sehbeeintr\u00e4chtigungen etc.; Flyerdownload durch klick auf das Bild\" class=\"wp-image-583\" srcset=\"https:\/\/awo-bielefeld.org\/weiterbildung\/wp-content\/uploads\/sites\/9\/2025\/07\/image.png 434w, https:\/\/awo-bielefeld.org\/weiterbildung\/wp-content\/uploads\/sites\/9\/2025\/07\/image-286x300.png 286w\" sizes=\"auto, (max-width: 434px) 100vw, 434px\"><\/a><figcaption class=\"wp-element-caption\">Bil\u00addrechte: Kreisver\u00adband AWO Biele\u00adfeld e.V.<\/figcaption><\/figure>\n<\/div>\n\n\n\n<div class=\"wp-block-column is-layout-flow wp-block-column-is-layout-flow\">\n<figure class=\"wp-block-image size-full\"><img loading=\"lazy\" decoding=\"async\" width=\"620\" height=\"347\" src=\"https:\/\/awo-bielefeld.org\/weiterbildung\/wp-content\/uploads\/sites\/9\/2025\/07\/Regenbogen.jpg\" alt=\"Ein bunter Regenbogen der aus dem Wort Inklusion in das Wort Diversity \u00fcbergeht\" class=\"wp-image-552\" srcset=\"https:\/\/awo-bielefeld.org\/weiterbildung\/wp-content\/uploads\/sites\/9\/2025\/07\/Regenbogen.jpg 620w, https:\/\/awo-bielefeld.org\/weiterbildung\/wp-content\/uploads\/sites\/9\/2025\/07\/Regenbogen-300x168.jpg 300w\" sizes=\"auto, (max-width: 620px) 100vw, 620px\"><figcaption class=\"wp-element-caption\">Inklu\u00adsion und Diver\u00adsi\u00adty<\/figcaption><\/figure>\n\n\n\n<h2 class=\"wp-block-heading\"><mark style=\"background-color:#e2001a\" class=\"has-inline-color has-custom-wei-color\">Kontakt<\/mark><\/h2>\n\n\n\n<p>Mer\u00adca\u00adtorstr. 10<br>33602 Biele\u00adfeld<\/p>\n\n\n\n<p><strong>Susanne Haase und Cathrin Thomas<br><\/strong>Tel. 0521 520 89 12<br>Mobil 0173 49 59 745<\/p>\n\n\n\n<p><a href=\"mailto:wbw@awo-bielefeld.de\">wbw@awo-bielefeld.de<\/a><\/p>\n\n\n\n<h2 class=\"wp-block-heading\"><mark style=\"background-color:#e2001a\" class=\"has-inline-color has-custom-wei-color\">Sprechzeiten<\/mark><\/h2>\n\n\n\n<p>Mon\u00adtag bis Don\u00adner\u00adstag 9.00 bis 14.00 Uhr<br>Fre\u00aditag 9.00 bis 13.00 Uhr<\/p>\n\n\n\n<h2 class=\"wp-block-heading\"><mark style=\"background-color:#e2001a\" class=\"has-inline-color has-custom-wei-color\">Anmeldung und Platzreservierung<\/mark><\/h2>\n\n\n\n<p>Melden Sie sich \u00fcber das&nbsp;<a href=\"https:\/\/awo-bielefeld.org\/weiterbildung\/platzreservierungen-und-anmeldungen\/\">Kon\u00adtak\u00adt\u00adfor\u00admu\u00adlar<\/a>&nbsp;bei uns! Dann lassen wir Ihnen gerne die Ter\u00admine zukom\u00admen.<\/p>\n<\/div>\n<\/div>\n\n\n\n<h2 class=\"wp-block-heading\"><mark style=\"background-color:#e2001a\" class=\"has-inline-color has-custom-wei-color\">Modulinhalte:<\/mark><\/h2>\n\n\n\n<ul class=\"wp-block-list\">\n<li><strong>Mod\u00adul 1: Kinder mit Verz\u00f6gerun\u00adgen in der Ler\u00adnen\u00adtwick\u00adlung <\/strong>(UN-Behin\u00addertenkon\u00adven\u00adtion und ihre Umset\u00adzung, P\u00e4d\u00ada\u00adgogis\u00adche Hand\u00adlungsm\u00f6glichkeit\u00aden in der Inklu\u00adsion, Kinder mit kog\u00adni\u00adtiv\u00aden Entwick\u00adlungsverz\u00f6gerun\u00adgen, Visuelle und audi\u00adtive Wahrnehmungsst\u00f6run\u00adgen, Tak\u00adtile Wahrnehmungsver\u00adar\u00adbeitungsst\u00f6run\u00adgen, Tri\u00adsomie 21, Kinder mit Ver\u00adhal\u00adtensweisen aus dem Autismus-Spek\u00adtrum)<\/li>\n\n\n\n<li><strong>Mod\u00adul 2: Inklu\u00adsive P\u00e4d\u00ada\u00adgogik im Grup\u00adpe\u00adnall\u00adt\u00adag:<\/strong>(Die Rolle der Inte\u00adgra\u00adtionskraft und der indi\u00advidu\u00adelle Zugang zum Kind, Die Teil\u00adhabe des Kindes am Grup\u00adpengeschehen durch gemein\u00adsame Spielange\u00adbote, Anre\u00adgun\u00adgen f\u00fcr ein inklu\u00adsives Miteinan\u00adder \u00fcber Musik, Die p\u00e4d\u00ada\u00adgogis\u00adche Bedeu\u00adtung der Raumgestal\u00adtung in der Kita)<\/li>\n\n\n\n<li><strong>Mod\u00adul 3: Entwick\u00adlung\u00adstests und Beobach\u00adtungsver\u00adfahren als F\u00f6rder\u00adba\u00adsis <\/strong>(Entwick\u00adlung\u00adstests und Beobach\u00adtung als diag\u00adnos\u00adtis\u00adches Mit\u00adtel, Die Schw\u00ader\u00adpunk\u00adte der einzel\u00adnen Ver\u00adfahren, Gren\u00adzen in der Anwend\u00adbarkeit und Bedeu\u00adtung der Ergeb\u00adnisse, For\u00admulierung\u00adshil\u00adfen f\u00fcr Entwick\u00adlungs\u00addoku\u00admen\u00adta\u00adtio\u00adnen)<\/li>\n\n\n\n<li><strong>Mod\u00adul 4: Neu\u00adro\u00addi\u00adver\u00adsit\u00e4t <\/strong>(Grund\u00adla\u00adgen der Neu\u00adro\u00addi\u00adver\u00adsit\u00e4t, ICD-Einord\u00adnung, ASS-Tri\u00adade, The\u00ado\u00adry of mind, Koh\u00e4renz, Exeku\u00adtiv\u00adfunk\u00adtion, Epi\u00addemi\u00adolo\u00adgie, Diag\u00adnos\u00adtik, Struk\u00adturen und Ange\u00adbot bei ASS, Dif\u00adfer\u00aden\u00adtial\u00addiag\u00adnos\u00adtis\u00adche M\u00f6glichkeit\u00aden, All\u00adt\u00adagsprak\u00adtis\u00adche Hand\u00adlungsstrate\u00adgien)&nbsp;&nbsp;&nbsp;&nbsp;&nbsp;&nbsp;&nbsp;&nbsp;&nbsp;&nbsp;&nbsp;&nbsp;&nbsp;&nbsp;&nbsp;&nbsp;&nbsp;&nbsp;&nbsp;&nbsp;&nbsp;&nbsp;&nbsp;&nbsp;&nbsp;&nbsp;&nbsp;&nbsp;&nbsp;&nbsp;&nbsp;&nbsp;&nbsp;&nbsp;&nbsp;&nbsp;&nbsp;&nbsp;&nbsp;&nbsp;&nbsp;&nbsp;&nbsp;&nbsp;&nbsp;&nbsp;&nbsp;&nbsp;&nbsp;&nbsp;&nbsp;&nbsp;&nbsp;&nbsp;&nbsp;&nbsp;&nbsp;&nbsp;&nbsp;&nbsp;&nbsp;&nbsp;&nbsp;&nbsp;&nbsp;&nbsp;&nbsp;&nbsp;&nbsp;&nbsp;&nbsp;&nbsp;&nbsp;&nbsp;&nbsp;&nbsp;&nbsp;&nbsp;&nbsp;&nbsp;&nbsp;&nbsp;&nbsp;&nbsp;&nbsp;<\/li>\n\n\n\n<li><strong>Mod\u00adul 5:<\/strong> <strong>Erleb\u00adnisori\u00aden\u00adtierte Psy\u00adchomo\u00adtorik als Entwick\u00adlungsan\u00adreiz <\/strong>(Motorische Entwick\u00adlungsver\u00adl\u00e4ufe und Abwe\u00adichun\u00adgen, Die sen\u00adsorische Inte\u00adgra\u00adtion und ihre Bedeu\u00adtung f\u00fcr das kindliche Ler\u00adnen, Psy\u00adchomo\u00adtorische Ange\u00adbote als Unter\u00adst\u00fctzung ein\u00ader sta\u00adbilen Per\u00ads\u00f6n\u00adlichkeit\u00adsen\u00adtwick\u00adlung, F\u00f6rderqual\u00adit\u00e4ten von psy\u00adchomo\u00adtorischen Erfahrungsr\u00e4u\u00admen)<\/li>\n\n\n\n<li><strong>Mod\u00adul 6: M\u00f6glichkeit\u00aden und Gren\u00adzen der Eltern\u00adbe\u00adgleitung <\/strong>(Die Sit\u00adu\u00ada\u00adtion von Fam\u00adi\u00adlien mit behin\u00adderten Kindern, Tech\u00adniken ein\u00ader gelun\u00adgenen Gespr\u00e4chs\u00adf\u00fchrung in der Kom\u00admu\u00adnika\u00adtion mit Eltern, Strate\u00adgien f\u00fcr ein l\u00f6sung\u00adsori\u00aden\u00adtiertes in Kon\u00adflik\u00adt\u00adsi\u00adt\u00adu\u00ada\u00adtio\u00adnen, Die Auf\u00adgabe der Elter\u00adnun\u00adter\u00adst\u00fctzung und ihre Gren\u00adzen)<\/li>\n\n\n\n<li><strong>Mod\u00adul 7: Kinder mit Ein\u00adschr\u00e4nkun\u00adgen der Bewe\u00adgungs\u00adf\u00e4higkeit <\/strong>(Kinder mit K\u00f6r\u00adper\u00adbe\u00adhin\u00adderun\u00adgen, Pro\u00adpri\u00adozep\u00adtive Wahrnehmungsver\u00adar\u00adbeitungsst\u00f6run\u00adgen, Tak\u00adtile Wahrnehmungsver\u00adar\u00adbeitungsst\u00f6run\u00adgen, Fr\u00fchchen, Blinde und schw\u00ader sehbeein\u00adtr\u00e4chtigte Kinder, Kinder mit Epilep\u00adsie)<\/li>\n\n\n\n<li><strong>Mod\u00adul 8: Mehrsprachigkeit <\/strong>(Phasen der kindlichen Sprachen\u00adtwick\u00adlung, Spracher\u00adwerb und \u2011f\u00f6rderung von Sprachen\u00adtwick\u00adlungsverz\u00f6gerten und \u2011beein\u00adtr\u00e4chtigten Kindern, Mehrsprachigkeit, Flucht und Flucht\u00adgeschehen: \u00dcber\u00adleitung auf Mod\u00adul 9: Sprach\u00adheimat, Mehrsprachigkeit und Viel\u00adsprachigkeit als Ressource)<\/li>\n\n\n\n<li><strong>Mod\u00adul 9: Trau\u00adma\u00adtisierte Kinder \/ Umgang mit Kindern psy\u00adchisch kranker Ange\u00adh\u00f6riger <\/strong>(Grund\u00adla\u00adgen der Traumap\u00e4d\u00ada\u00adgogik und traumap\u00e4d\u00ada\u00adgogis\u00adchen Hal\u00adtung, Bindung, Kindlich\u00ades Ver\u00adhal\u00adten nach Trau\u00adma\u00adtisierung, Kita als sicher\u00ader Ort, trau\u00admasen\u00adsi\u00adbles Arbeit\u00aden mit Erziehungs\u00adberechtigten: Kranke Eltern \u2014 kranke Kinder? Grund\u00adla\u00adgen psy\u00adchis\u00adch\u00ader St\u00f6rungs\u00adbilder, Krankheits\u00adbilder, kindliche Wahrnehmung, M\u00f6glichkeit\u00aden der Unter\u00adst\u00fctzung)<\/li>\n\n\n\n<li><strong>Mod\u00adul 10: Botschafter*in f\u00fcr Inklu\u00adsion im Team <\/strong>(Grund\u00adla\u00adgen\u00adwis\u00adsen zur Inter\u00adsek\u00adtion\u00adal\u00adit\u00e4t, Inklu\u00adsion, Diver\u00adsit\u00e4t und gesellschaftliche Teil\u00adhabe, Reflex\u00adion: Meine Rolle als Inklu\u00adsions\u00adfachkraft im Team, Team- und Grup\u00adpen\u00addy\u00adnamik)<\/li>\n<\/ul>\n\n\n\n<p>Nach erfol\u00adgre\u00adich\u00ader Teil\u00adnahme an allen Mod\u00adulen erhal\u00adten die Lehrgangsbesucher*innen ein <strong>Zer\u00adti\u00adfikat <\/strong>\u00fcber den Umfang und die Inhalte der Qual\u00adi\u00adfizierungs\u00adma\u00df\u00adnahme; alle <strong>Pr\u00e4sen\u00adzter\u00admine (2 Tage zu je 16 UE pro Mod\u00adul) <\/strong>wer\u00adden durch die <strong>AWO Online-Lern\u00adplat\u00adtform <\/strong>unter\u00adst\u00fctzt.<\/p>\n\n\n\n<h2 class=\"wp-block-heading\"><mark style=\"background-color:#e2001a\" class=\"has-inline-color has-custom-wei-color\">Kostenaufstellung:<\/mark><\/h2>\n\n\n\n<figure class=\"wp-block-table\"><table class=\"has-fixed-layout\"><thead><tr><th>Teil\u00adnah\u00admege\u00adb\u00fchr<\/th><th>pro Mod\u00adul (in Euro)<\/th><th>Gesamt (in Euro)<\/th><\/tr><\/thead><tbody><tr><td>&nbsp;<\/td><td>285,-<\/td><td>2850,-<\/td><\/tr><tr><td>Pr\u00fc\u00adfungs\u00adge\u00adb\u00fchr<\/td><td>&nbsp;<\/td><td>50,-<\/td><\/tr><tr><td>Zugang zur Lern\u00adplat\u00adtform<\/td><td>&nbsp;<\/td><td>inklu\u00adsive<\/td><\/tr><tr><td>Tech\u00adnis\u00adche Ein\u00adweisung<\/td><td>&nbsp;<\/td><td>inklu\u00adsive<\/td><\/tr><tr><td>&nbsp;<\/td><td>&nbsp;<\/td><td><strong>2900,-<\/strong><\/td><\/tr><\/tbody><\/table><\/figure>\n\n\n\n<p>Unsere Bil\u00addungs\u00addi\u00aden\u00adstleis\u00adtun\u00adgen sind nach \u00a74Nr.22Bu.a.UstG steuer\u00adbe\u00adfre\u00adit (StNr. 305\/5970\/0265). Es gel\u00adten die AGB.<\/p>\n\n\n\n<p class=\"has-text-align-center\">Hier geht es zur: <a href=\"https:\/\/awo-bielefeld.org\/weiterbildung\/platzreservierungen-und-anmeldungen\/\">Platzre\u00adservierung und Anmel\u00addung<\/a><\/p>\n\n\n\n<p class=\"has-text-align-center\">Down\u00adload <a href=\"https:\/\/awo-bielefeld.org\/weiterbildung\/wp-content\/uploads\/sites\/9\/2025\/12\/251202_FLyer_FKI_nachb.pdf\" data-type=\"attachment\" data-id=\"558\">Fly\u00ader <\/a>(Inhalte wie auf Web\u00adsite, PDF f\u00fcr den Druck)<\/p>\n","protected":false},"excerpt":{"rendered":"<p>Im Rah\u00admen der \u201cQual\u00adi\u00adfizierung zur Fachkraft f\u00fcr p\u00e4d\u00ada\u00adgogis\u00adche Inklu\u00adsion\u201d (160&nbsp;h, 10 Mod\u00adule) erwer\u00adben Sie fundiertes Wis\u00adsen dazu wie Sie mehr Teil\u00adhabe f\u00fcr alle Kinder in der KITA erm\u00f6glichen k\u00f6n\u00adnen. Wer\u00adden Sie zu Botschafter*innen f\u00fcr Chan\u00adcen\u00adgle\u00adich\u00adheit in ihrem Team. <\/p>\n","protected":false},"author":5,"featured_media":0,"comment_status":"closed","ping_status":"closed","sticky":false,"template":"","format":"standard","meta":{"wp_typography_post_enhancements_disabled":false,"footnotes":""},"categories":[19,54,20,31],"tags":[28,27,21,25,24,22,23,26],"class_list":["post-565","post","type-post","status-publish","format-standard","hentry","category-bildung-fuer-alle","category-bildungsangebote","category-fort-und-weiterbildung","category-kita","tag-bildungfueralle","tag-echtawo","tag-fachkraftinklusion","tag-fortbildung","tag-kindertagespflege","tag-kita","tag-ogs","tag-weiterbildung"],"publishpress_future_action":{"enabled":false,"date":"2026-05-06 18:46:41","action":"change-status","newStatus":"draft","terms":[],"taxonomy":"category","extraData":[]},"publishpress_future_workflow_manual_trigger":{"enabledWorkflows":[]},"_links":{"self":[{"href":"https:\/\/awo-bielefeld.org\/weiterbildung\/wp-json\/wp\/v2\/posts\/565","targetHints":{"allow":["GET"]}}],"collection":[{"href":"https:\/\/awo-bielefeld.org\/weiterbildung\/wp-json\/wp\/v2\/posts"}],"about":[{"href":"https:\/\/awo-bielefeld.org\/weiterbildung\/wp-json\/wp\/v2\/types\/post"}],"author":[{"embeddable":true,"href":"https:\/\/awo-bielefeld.org\/weiterbildung\/wp-json\/wp\/v2\/users\/5"}],"replies":[{"embeddable":true,"href":"https:\/\/awo-bielefeld.org\/weiterbildung\/wp-json\/wp\/v2\/comments?post=565"}],"version-history":[{"count":34,"href":"https:\/\/awo-bielefeld.org\/weiterbildung\/wp-json\/wp\/v2\/posts\/565\/revisions"}],"predecessor-version":[{"id":937,"href":"https:\/\/awo-bielefeld.org\/weiterbildung\/wp-json\/wp\/v2\/posts\/565\/revisions\/937"}],"wp:attachment":[{"href":"https:\/\/awo-bielefeld.org\/weiterbildung\/wp-json\/wp\/v2\/media?parent=565"}],"wp:term":[{"taxonomy":"category","embeddable":true,"href":"https:\/\/awo-bielefeld.org\/weiterbildung\/wp-json\/wp\/v2\/categories?post=565"},{"taxonomy":"post_tag","embeddable":true,"href":"https:\/\/awo-bielefeld.org\/weiterbildung\/wp-json\/wp\/v2\/tags?post=565"}],"curies":[{"name":"wp","href":"https:\/\/api.w.org\/{rel}","templated":true}]}}